{"id":4946,"date":"2018-03-14T21:46:30","date_gmt":"2018-03-14T21:46:30","guid":{"rendered":"https:\/\/www.futurealgroup.com\/en\/news\/iroda-hu-ok-adjak-majd-berbe-az-ikonikus-budapest-one-irodaparkot"},"modified":"2019-02-17T18:37:15","modified_gmt":"2019-02-17T18:37:15","slug":"property-forum-eu-futureal-appoints-jll-and-cbre-to-lease-budapest-one","status":"publish","type":"post","link":"https:\/\/www.futurealgroup.com\/en\/news\/property-forum-eu-futureal-appoints-jll-and-cbre-to-lease-budapest-one","title":{"rendered":"Property-forum.eu: Futureal appoints JLL and CBRE to lease Budapest ONE"},"content":{"rendered":"<p><strong>JLL and CBRE have been jointly appointed to lease Budapest ONE Business Park, the new office development project of Futureal Group in Hungary. The two advisors will cooperate on a co-exclusive basis for the leasing of the 68,000 square meter office complex.<\/strong><\/p>\n<p>Budapest ONE Business Park will be realised in more phases in \u0150rmez\u0151, next to Kelenf\u00f6ld railway station. The office complex developed by Futureal Group will be located next to the exit of M1-M7 motorway, a metro station, the regional train station as well as the regional and local bus stations, which welcome 165,000 visitors a day.<\/p>\n<p>The first phase of the 68,000 square meter office park, expected to be handed over in the second half of 2019, will contain nearly 25,000 square meters of offices for rent as well as 2,600 square meters of commercial and service unit. Additionally, the first phase will also provide significant green space and underground garage with 480 parking lots for the thousands of employees.<\/p>\n<p>Futureal Group has become the first property developer in Europe to receive the WELL Building Platinum Precertification at the same time for three of its office building projects including Budapest One Business Park. The office complex has been designed and will be operated to make a positive impact on employees\u2019 health and wellbeing. Currently, there are 34 WELL Precertified office buildings worldwide.<\/p>\n<p>Just a few minutes away from the office park Etele Plaza, Hungary\u2019s third largest (54,200 sqm) shopping and entertainment centre will be developed by Futureal Group. Etele Plaza will be one of the last major shopping centre developments in Budapest. The three-floor centre will be able to contain 200 business units.<\/p>\n<p><a href=\"https:\/\/www.property-forum.eu\/news\/futureal-appoints-jll-and-cbre-to-lease-budapest-one\/1977\" target=\"_blank\" rel=\"noopener\"> The article on propert-forum.eu is available here.<\/a><\/p>\n","protected":false},"excerpt":{"rendered":"<p>JLL and CBRE have been jointly appointed to lease Budapest ONE Business Park, the new office development project of Futureal [&hellip;]<\/p>\n","protected":false},"author":1,"featured_media":4935,"comment_status":"open","ping_status":"open","sticky":false,"template":"","format":"standard","meta":{"_acf_changed":false,"inline_featured_image":false,"footnotes":""},"categories":[219],"tags":[283,286,288,290,293,292,282,299],"class_list":["post-4946","post","type-post","status-publish","format-standard","has-post-thumbnail","hentry","category-news-en","tag-budapest-one-en","tag-corvin-promenade","tag-etele-plaza-en","tag-futureal-goup","tag-kelenfold-en","tag-office","tag-shopping-centre","tag-well-building-en"],"acf":[],"yoast_head":"<!-- This site is optimized with the Yoast SEO plugin v27.3 - https:\/\/yoast.com\/product\/yoast-seo-wordpress\/ -->\n<title>Property-forum.eu: Futureal appoints JLL and CBRE to lease Budapest ONE - Futureal<\/title>\n<meta name=\"robots\" content=\"index, follow, max-snippet:-1, max-image-preview:large, max-video-preview:-1\" \/>\n<link rel=\"canonical\" href=\"https:\/\/www.futurealgroup.com\/hu\/hirek\/property-forum-eu-futureal-appoints-jll-and-cbre-to-lease-budapest-one\/\" \/>\n<meta property=\"og:locale\" content=\"en_US\" \/>\n<meta property=\"og:type\" content=\"article\" \/>\n<meta property=\"og:title\" content=\"Property-forum.eu: Futureal appoints JLL and CBRE to lease Budapest ONE - Futureal\" \/>\n<meta property=\"og:description\" content=\"JLL and CBRE have been jointly appointed to lease Budapest ONE Business Park, the new office development project of Futureal [&hellip;]\" \/>\n<meta property=\"og:url\" content=\"https:\/\/www.futurealgroup.com\/hu\/hirek\/property-forum-eu-futureal-appoints-jll-and-cbre-to-lease-budapest-one\/\" \/>\n<meta property=\"og:site_name\" content=\"Futureal\" \/>\n<meta property=\"article:published_time\" content=\"2018-03-14T21:46:30+00:00\" \/>\n<meta property=\"article:modified_time\" content=\"2019-02-17T18:37:15+00:00\" \/>\n<meta property=\"og:image\" content=\"https:\/\/www.futurealgroup.com\/wp-content\/uploads\/2018\/03\/JLL_ENG_442x442.jpg\" \/>\n\t<meta property=\"og:image:width\" content=\"442\" \/>\n\t<meta property=\"og:image:height\" content=\"442\" \/>\n\t<meta property=\"og:image:type\" content=\"image\/jpeg\" \/>\n<meta name=\"author\" content=\"admin\" \/>\n<meta name=\"twitter:card\" content=\"summary_large_image\" \/>\n<meta name=\"twitter:label1\" content=\"Written by\" \/>\n\t<meta name=\"twitter:data1\" content=\"admin\" \/>\n\t<meta name=\"twitter:label2\" content=\"Est. reading time\" \/>\n\t<meta name=\"twitter:data2\" content=\"1 minute\" \/>\n<script type=\"application\/ld+json\" class=\"yoast-schema-graph\">{\"@context\":\"https:\\\/\\\/schema.org\",\"@graph\":[{\"@type\":\"Article\",\"@id\":\"https:\\\/\\\/www.futurealgroup.com\\\/hu\\\/hirek\\\/property-forum-eu-futureal-appoints-jll-and-cbre-to-lease-budapest-one\\\/#article\",\"isPartOf\":{\"@id\":\"https:\\\/\\\/www.futurealgroup.com\\\/hu\\\/hirek\\\/property-forum-eu-futureal-appoints-jll-and-cbre-to-lease-budapest-one\\\/\"},\"author\":{\"name\":\"admin\",\"@id\":\"https:\\\/\\\/www.futurealgroup.com\\\/hu\\\/#\\\/schema\\\/person\\\/52f26d9ea66b39f4ac56bfd7862119b1\"},\"headline\":\"Property-forum.eu: Futureal appoints JLL and CBRE to lease Budapest ONE\",\"datePublished\":\"2018-03-14T21:46:30+00:00\",\"dateModified\":\"2019-02-17T18:37:15+00:00\",\"mainEntityOfPage\":{\"@id\":\"https:\\\/\\\/www.futurealgroup.com\\\/hu\\\/hirek\\\/property-forum-eu-futureal-appoints-jll-and-cbre-to-lease-budapest-one\\\/\"},\"wordCount\":287,\"commentCount\":0,\"publisher\":{\"@id\":\"https:\\\/\\\/www.futurealgroup.com\\\/hu\\\/#organization\"},\"image\":{\"@id\":\"https:\\\/\\\/www.futurealgroup.com\\\/hu\\\/hirek\\\/property-forum-eu-futureal-appoints-jll-and-cbre-to-lease-budapest-one\\\/#primaryimage\"},\"thumbnailUrl\":\"https:\\\/\\\/www.futurealgroup.com\\\/wp-content\\\/uploads\\\/2018\\\/03\\\/JLL_ENG_442x442.jpg\",\"keywords\":[\"Budapest ONE\",\"Corvin Promenade\",\"Etele Plaza\",\"Futureal Group\",\"Kelenf\u00f6ld\",\"Office\",\"Shopping centre\",\"WELL Building\"],\"articleSection\":[\"Back to the news\"],\"inLanguage\":\"en-US\",\"potentialAction\":[{\"@type\":\"CommentAction\",\"name\":\"Comment\",\"target\":[\"https:\\\/\\\/www.futurealgroup.com\\\/hu\\\/hirek\\\/property-forum-eu-futureal-appoints-jll-and-cbre-to-lease-budapest-one\\\/#respond\"]}]},{\"@type\":\"WebPage\",\"@id\":\"https:\\\/\\\/www.futurealgroup.com\\\/hu\\\/hirek\\\/property-forum-eu-futureal-appoints-jll-and-cbre-to-lease-budapest-one\\\/\",\"url\":\"https:\\\/\\\/www.futurealgroup.com\\\/hu\\\/hirek\\\/property-forum-eu-futureal-appoints-jll-and-cbre-to-lease-budapest-one\\\/\",\"name\":\"Property-forum.eu: Futureal appoints JLL and CBRE to lease Budapest ONE - Futureal\",\"isPartOf\":{\"@id\":\"https:\\\/\\\/www.futurealgroup.com\\\/hu\\\/#website\"},\"primaryImageOfPage\":{\"@id\":\"https:\\\/\\\/www.futurealgroup.com\\\/hu\\\/hirek\\\/property-forum-eu-futureal-appoints-jll-and-cbre-to-lease-budapest-one\\\/#primaryimage\"},\"image\":{\"@id\":\"https:\\\/\\\/www.futurealgroup.com\\\/hu\\\/hirek\\\/property-forum-eu-futureal-appoints-jll-and-cbre-to-lease-budapest-one\\\/#primaryimage\"},\"thumbnailUrl\":\"https:\\\/\\\/www.futurealgroup.com\\\/wp-content\\\/uploads\\\/2018\\\/03\\\/JLL_ENG_442x442.jpg\",\"datePublished\":\"2018-03-14T21:46:30+00:00\",\"dateModified\":\"2019-02-17T18:37:15+00:00\",\"breadcrumb\":{\"@id\":\"https:\\\/\\\/www.futurealgroup.com\\\/hu\\\/hirek\\\/property-forum-eu-futureal-appoints-jll-and-cbre-to-lease-budapest-one\\\/#breadcrumb\"},\"inLanguage\":\"en-US\",\"potentialAction\":[{\"@type\":\"ReadAction\",\"target\":[\"https:\\\/\\\/www.futurealgroup.com\\\/hu\\\/hirek\\\/property-forum-eu-futureal-appoints-jll-and-cbre-to-lease-budapest-one\\\/\"]}]},{\"@type\":\"ImageObject\",\"inLanguage\":\"en-US\",\"@id\":\"https:\\\/\\\/www.futurealgroup.com\\\/hu\\\/hirek\\\/property-forum-eu-futureal-appoints-jll-and-cbre-to-lease-budapest-one\\\/#primaryimage\",\"url\":\"https:\\\/\\\/www.futurealgroup.com\\\/wp-content\\\/uploads\\\/2018\\\/03\\\/JLL_ENG_442x442.jpg\",\"contentUrl\":\"https:\\\/\\\/www.futurealgroup.com\\\/wp-content\\\/uploads\\\/2018\\\/03\\\/JLL_ENG_442x442.jpg\",\"width\":442,\"height\":442},{\"@type\":\"BreadcrumbList\",\"@id\":\"https:\\\/\\\/www.futurealgroup.com\\\/hu\\\/hirek\\\/property-forum-eu-futureal-appoints-jll-and-cbre-to-lease-budapest-one\\\/#breadcrumb\",\"itemListElement\":[{\"@type\":\"ListItem\",\"position\":1,\"name\":\"Home\",\"item\":\"https:\\\/\\\/www.futurealgroup.com\\\/en\\\/\"},{\"@type\":\"ListItem\",\"position\":2,\"name\":\"Property-forum.eu: Futureal appoints JLL and CBRE to lease Budapest ONE\"}]},{\"@type\":\"WebSite\",\"@id\":\"https:\\\/\\\/www.futurealgroup.com\\\/hu\\\/#website\",\"url\":\"https:\\\/\\\/www.futurealgroup.com\\\/hu\\\/\",\"name\":\"Futureal\",\"description\":\"Futureal Group\",\"publisher\":{\"@id\":\"https:\\\/\\\/www.futurealgroup.com\\\/hu\\\/#organization\"},\"potentialAction\":[{\"@type\":\"SearchAction\",\"target\":{\"@type\":\"EntryPoint\",\"urlTemplate\":\"https:\\\/\\\/www.futurealgroup.com\\\/hu\\\/?s={search_term_string}\"},\"query-input\":{\"@type\":\"PropertyValueSpecification\",\"valueRequired\":true,\"valueName\":\"search_term_string\"}}],\"inLanguage\":\"en-US\"},{\"@type\":\"Organization\",\"@id\":\"https:\\\/\\\/www.futurealgroup.com\\\/hu\\\/#organization\",\"name\":\"Futureal Group\",\"url\":\"https:\\\/\\\/www.futurealgroup.com\\\/hu\\\/\",\"logo\":{\"@type\":\"ImageObject\",\"inLanguage\":\"en-US\",\"@id\":\"https:\\\/\\\/www.futurealgroup.com\\\/hu\\\/#\\\/schema\\\/logo\\\/image\\\/\",\"url\":\"https:\\\/\\\/www.futurealgroup.com\\\/wp-content\\\/uploads\\\/2016\\\/11\\\/futureal_blue.png\",\"contentUrl\":\"https:\\\/\\\/www.futurealgroup.com\\\/wp-content\\\/uploads\\\/2016\\\/11\\\/futureal_blue.png\",\"width\":264,\"height\":26,\"caption\":\"Futureal Group\"},\"image\":{\"@id\":\"https:\\\/\\\/www.futurealgroup.com\\\/hu\\\/#\\\/schema\\\/logo\\\/image\\\/\"}},{\"@type\":\"Person\",\"@id\":\"https:\\\/\\\/www.futurealgroup.com\\\/hu\\\/#\\\/schema\\\/person\\\/52f26d9ea66b39f4ac56bfd7862119b1\",\"name\":\"admin\"}]}<\/script>\n<!-- \/ Yoast SEO plugin. -->","yoast_head_json":{"title":"Property-forum.eu: Futureal appoints JLL and CBRE to lease Budapest ONE - Futureal","robots":{"index":"index","follow":"follow","max-snippet":"max-snippet:-1","max-image-preview":"max-image-preview:large","max-video-preview":"max-video-preview:-1"},"canonical":"https:\/\/www.futurealgroup.com\/hu\/hirek\/property-forum-eu-futureal-appoints-jll-and-cbre-to-lease-budapest-one\/","og_locale":"en_US","og_type":"article","og_title":"Property-forum.eu: Futureal appoints JLL and CBRE to lease Budapest ONE - Futureal","og_description":"JLL and CBRE have been jointly appointed to lease Budapest ONE Business Park, the new office development project of Futureal [&hellip;]","og_url":"https:\/\/www.futurealgroup.com\/hu\/hirek\/property-forum-eu-futureal-appoints-jll-and-cbre-to-lease-budapest-one\/","og_site_name":"Futureal","article_published_time":"2018-03-14T21:46:30+00:00","article_modified_time":"2019-02-17T18:37:15+00:00","og_image":[{"width":442,"height":442,"url":"https:\/\/www.futurealgroup.com\/wp-content\/uploads\/2018\/03\/JLL_ENG_442x442.jpg","type":"image\/jpeg"}],"author":"admin","twitter_card":"summary_large_image","twitter_misc":{"Written by":"admin","Est. reading time":"1 minute"},"schema":{"@context":"https:\/\/schema.org","@graph":[{"@type":"Article","@id":"https:\/\/www.futurealgroup.com\/hu\/hirek\/property-forum-eu-futureal-appoints-jll-and-cbre-to-lease-budapest-one\/#article","isPartOf":{"@id":"https:\/\/www.futurealgroup.com\/hu\/hirek\/property-forum-eu-futureal-appoints-jll-and-cbre-to-lease-budapest-one\/"},"author":{"name":"admin","@id":"https:\/\/www.futurealgroup.com\/hu\/#\/schema\/person\/52f26d9ea66b39f4ac56bfd7862119b1"},"headline":"Property-forum.eu: Futureal appoints JLL and CBRE to lease Budapest ONE","datePublished":"2018-03-14T21:46:30+00:00","dateModified":"2019-02-17T18:37:15+00:00","mainEntityOfPage":{"@id":"https:\/\/www.futurealgroup.com\/hu\/hirek\/property-forum-eu-futureal-appoints-jll-and-cbre-to-lease-budapest-one\/"},"wordCount":287,"commentCount":0,"publisher":{"@id":"https:\/\/www.futurealgroup.com\/hu\/#organization"},"image":{"@id":"https:\/\/www.futurealgroup.com\/hu\/hirek\/property-forum-eu-futureal-appoints-jll-and-cbre-to-lease-budapest-one\/#primaryimage"},"thumbnailUrl":"https:\/\/www.futurealgroup.com\/wp-content\/uploads\/2018\/03\/JLL_ENG_442x442.jpg","keywords":["Budapest ONE","Corvin Promenade","Etele Plaza","Futureal Group","Kelenf\u00f6ld","Office","Shopping centre","WELL Building"],"articleSection":["Back to the news"],"inLanguage":"en-US","potentialAction":[{"@type":"CommentAction","name":"Comment","target":["https:\/\/www.futurealgroup.com\/hu\/hirek\/property-forum-eu-futureal-appoints-jll-and-cbre-to-lease-budapest-one\/#respond"]}]},{"@type":"WebPage","@id":"https:\/\/www.futurealgroup.com\/hu\/hirek\/property-forum-eu-futureal-appoints-jll-and-cbre-to-lease-budapest-one\/","url":"https:\/\/www.futurealgroup.com\/hu\/hirek\/property-forum-eu-futureal-appoints-jll-and-cbre-to-lease-budapest-one\/","name":"Property-forum.eu: Futureal appoints JLL and CBRE to lease Budapest ONE - Futureal","isPartOf":{"@id":"https:\/\/www.futurealgroup.com\/hu\/#website"},"primaryImageOfPage":{"@id":"https:\/\/www.futurealgroup.com\/hu\/hirek\/property-forum-eu-futureal-appoints-jll-and-cbre-to-lease-budapest-one\/#primaryimage"},"image":{"@id":"https:\/\/www.futurealgroup.com\/hu\/hirek\/property-forum-eu-futureal-appoints-jll-and-cbre-to-lease-budapest-one\/#primaryimage"},"thumbnailUrl":"https:\/\/www.futurealgroup.com\/wp-content\/uploads\/2018\/03\/JLL_ENG_442x442.jpg","datePublished":"2018-03-14T21:46:30+00:00","dateModified":"2019-02-17T18:37:15+00:00","breadcrumb":{"@id":"https:\/\/www.futurealgroup.com\/hu\/hirek\/property-forum-eu-futureal-appoints-jll-and-cbre-to-lease-budapest-one\/#breadcrumb"},"inLanguage":"en-US","potentialAction":[{"@type":"ReadAction","target":["https:\/\/www.futurealgroup.com\/hu\/hirek\/property-forum-eu-futureal-appoints-jll-and-cbre-to-lease-budapest-one\/"]}]},{"@type":"ImageObject","inLanguage":"en-US","@id":"https:\/\/www.futurealgroup.com\/hu\/hirek\/property-forum-eu-futureal-appoints-jll-and-cbre-to-lease-budapest-one\/#primaryimage","url":"https:\/\/www.futurealgroup.com\/wp-content\/uploads\/2018\/03\/JLL_ENG_442x442.jpg","contentUrl":"https:\/\/www.futurealgroup.com\/wp-content\/uploads\/2018\/03\/JLL_ENG_442x442.jpg","width":442,"height":442},{"@type":"BreadcrumbList","@id":"https:\/\/www.futurealgroup.com\/hu\/hirek\/property-forum-eu-futureal-appoints-jll-and-cbre-to-lease-budapest-one\/#breadcrumb","itemListElement":[{"@type":"ListItem","position":1,"name":"Home","item":"https:\/\/www.futurealgroup.com\/en\/"},{"@type":"ListItem","position":2,"name":"Property-forum.eu: Futureal appoints JLL and CBRE to lease Budapest ONE"}]},{"@type":"WebSite","@id":"https:\/\/www.futurealgroup.com\/hu\/#website","url":"https:\/\/www.futurealgroup.com\/hu\/","name":"Futureal","description":"Futureal Group","publisher":{"@id":"https:\/\/www.futurealgroup.com\/hu\/#organization"},"potentialAction":[{"@type":"SearchAction","target":{"@type":"EntryPoint","urlTemplate":"https:\/\/www.futurealgroup.com\/hu\/?s={search_term_string}"},"query-input":{"@type":"PropertyValueSpecification","valueRequired":true,"valueName":"search_term_string"}}],"inLanguage":"en-US"},{"@type":"Organization","@id":"https:\/\/www.futurealgroup.com\/hu\/#organization","name":"Futureal Group","url":"https:\/\/www.futurealgroup.com\/hu\/","logo":{"@type":"ImageObject","inLanguage":"en-US","@id":"https:\/\/www.futurealgroup.com\/hu\/#\/schema\/logo\/image\/","url":"https:\/\/www.futurealgroup.com\/wp-content\/uploads\/2016\/11\/futureal_blue.png","contentUrl":"https:\/\/www.futurealgroup.com\/wp-content\/uploads\/2016\/11\/futureal_blue.png","width":264,"height":26,"caption":"Futureal Group"},"image":{"@id":"https:\/\/www.futurealgroup.com\/hu\/#\/schema\/logo\/image\/"}},{"@type":"Person","@id":"https:\/\/www.futurealgroup.com\/hu\/#\/schema\/person\/52f26d9ea66b39f4ac56bfd7862119b1","name":"admin"}]}},"_links":{"self":[{"href":"https:\/\/www.futurealgroup.com\/en\/wp-json\/wp\/v2\/posts\/4946","targetHints":{"allow":["GET"]}}],"collection":[{"href":"https:\/\/www.futurealgroup.com\/en\/wp-json\/wp\/v2\/posts"}],"about":[{"href":"https:\/\/www.futurealgroup.com\/en\/wp-json\/wp\/v2\/types\/post"}],"author":[{"embeddable":true,"href":"https:\/\/www.futurealgroup.com\/en\/wp-json\/wp\/v2\/users\/1"}],"replies":[{"embeddable":true,"href":"https:\/\/www.futurealgroup.com\/en\/wp-json\/wp\/v2\/comments?post=4946"}],"version-history":[{"count":3,"href":"https:\/\/www.futurealgroup.com\/en\/wp-json\/wp\/v2\/posts\/4946\/revisions"}],"predecessor-version":[{"id":6622,"href":"https:\/\/www.futurealgroup.com\/en\/wp-json\/wp\/v2\/posts\/4946\/revisions\/6622"}],"wp:featuredmedia":[{"embeddable":true,"href":"https:\/\/www.futurealgroup.com\/en\/wp-json\/wp\/v2\/media\/4935"}],"wp:attachment":[{"href":"https:\/\/www.futurealgroup.com\/en\/wp-json\/wp\/v2\/media?parent=4946"}],"wp:term":[{"taxonomy":"category","embeddable":true,"href":"https:\/\/www.futurealgroup.com\/en\/wp-json\/wp\/v2\/categories?post=4946"},{"taxonomy":"post_tag","embeddable":true,"href":"https:\/\/www.futurealgroup.com\/en\/wp-json\/wp\/v2\/tags?post=4946"}],"curies":[{"name":"wp","href":"https:\/\/api.w.org\/{rel}","templated":true}]}}