{"id":9559,"date":"2021-03-03T14:53:15","date_gmt":"2021-03-03T14:53:15","guid":{"rendered":"https:\/\/www.futurealgroup.com\/en\/news\/automatikus-vazlat"},"modified":"2021-03-04T14:54:41","modified_gmt":"2021-03-04T14:54:41","slug":"eurobuildcee-com-etele-plaza-prawie-gotowa","status":"publish","type":"post","link":"https:\/\/www.futurealgroup.com\/en\/news\/eurobuildcee-com-etele-plaza-prawie-gotowa","title":{"rendered":"Eurobuildcee.com: Etele Plaza prawie gotowa"},"content":{"rendered":"<p><strong>Etele Plaza w Budapeszcie, inwestycja o warto\u015bci 300 mln euro zrealizowana przez Futureal, otrzyma\u0142a pozwolenie na u\u017cytkowanie. Otwarcie centrum handlowego o powierzchni 55 tys. mkw. zaplanowane jest na wrzesie\u0144.<\/strong><\/p>\n<p>W nowym centrum handlowym znajdzie si\u0119 180 sklep\u00f3w, supermarket, restauracje, kawiarnie, multipleks kinowy, si\u0142ownia, centrum zabaw dla dzieci i szereg innych us\u0142ug. W\u015br\u00f3d najwi\u0119kszych najemc\u00f3w Etele Plazy jest hiszpa\u0144ska grupa Inditex oraz Peek &amp; Cloppenburg. Dla klient\u00f3w zaplanowano blisko 1,3 tys. miejsc parkingowych. Zaawansowany system lokalizacji i nawigacji u\u0142atwi parkowanie poprzez wskazywanie wolnych miejsc \u2013 to jedno z wielu nowoczesnych rozwi\u0105za\u0144 zastosowanych w centrum.<\/p>\n<p>Etele Plaza na etapie planowania uzyska\u0142a certyfikat BREEAM na poziomie Very Good.<\/p>\n<p><strong>Najemcy skupiaj\u0105 si\u0119 obecnie na wyko\u0144czeniu wn\u0119trz sklep\u00f3w. Jeste\u015bmy r\u00f3wnie\u017c bliscy porozumienia z kolejnymi interesuj\u0105cymi partnerami \u2013 deklaruje Tibor Tat\u00e1r, CEO Futureal.<\/strong><\/p>\n<p><a href=\"https:\/\/eurobuildcee.com\/news\/47749-etele-plaza-prawie-gotowa\" target=\"_blank\" rel=\"noopener\">Przeczytaj ca\u0142y artyku\u0142 na temat eurobuildCEE.<\/a><\/p>\n","protected":false},"excerpt":{"rendered":"<p>Etele Plaza w Budapeszcie, inwestycja o warto\u015bci 300 mln euro zrealizowana przez Futureal, otrzyma\u0142a pozwolenie na u\u017cytkowanie. Otwarcie centrum handlowego [&hellip;]<\/p>\n","protected":false},"author":1001013,"featured_media":9553,"comment_status":"open","ping_status":"open","sticky":false,"template":"","format":"standard","meta":{"_acf_changed":false,"inline_featured_image":false,"footnotes":""},"categories":[219,205],"tags":[288],"class_list":["post-9559","post","type-post","status-publish","format-standard","has-post-thumbnail","hentry","category-news-en","category-hirek-pl-en","tag-etele-plaza-en"],"acf":[],"yoast_head":"<!-- This site is optimized with the Yoast SEO plugin v27.3 - https:\/\/yoast.com\/product\/yoast-seo-wordpress\/ -->\n<title>Eurobuildcee.com: Etele Plaza prawie gotowa - Futureal<\/title>\n<meta name=\"robots\" content=\"index, follow, max-snippet:-1, max-image-preview:large, max-video-preview:-1\" \/>\n<link rel=\"canonical\" href=\"https:\/\/www.futurealgroup.com\/hu\/hirek\/eurobuildcee-com-etele-plaza-prawie-gotowa\/\" \/>\n<meta property=\"og:locale\" content=\"en_US\" \/>\n<meta property=\"og:type\" content=\"article\" \/>\n<meta property=\"og:title\" content=\"Eurobuildcee.com: Etele Plaza prawie gotowa - Futureal\" \/>\n<meta property=\"og:description\" content=\"Etele Plaza w Budapeszcie, inwestycja o warto\u015bci 300 mln euro zrealizowana przez Futureal, otrzyma\u0142a pozwolenie na u\u017cytkowanie. Otwarcie centrum handlowego [&hellip;]\" \/>\n<meta property=\"og:url\" content=\"https:\/\/www.futurealgroup.com\/hu\/hirek\/eurobuildcee-com-etele-plaza-prawie-gotowa\/\" \/>\n<meta property=\"og:site_name\" content=\"Futureal\" \/>\n<meta property=\"article:published_time\" content=\"2021-03-03T14:53:15+00:00\" \/>\n<meta property=\"article:modified_time\" content=\"2021-03-04T14:54:41+00:00\" \/>\n<meta property=\"og:image\" content=\"https:\/\/www.futurealgroup.com\/wp-content\/uploads\/2021\/03\/New-Project-5-1.jpg\" \/>\n\t<meta property=\"og:image:width\" content=\"442\" \/>\n\t<meta property=\"og:image:height\" content=\"442\" \/>\n\t<meta property=\"og:image:type\" content=\"image\/jpeg\" \/>\n<meta name=\"author\" content=\"Mate\" \/>\n<meta name=\"twitter:card\" content=\"summary_large_image\" \/>\n<meta name=\"twitter:label1\" content=\"Written by\" \/>\n\t<meta name=\"twitter:data1\" content=\"Mate\" \/>\n\t<meta name=\"twitter:label2\" content=\"Est. reading time\" \/>\n\t<meta name=\"twitter:data2\" content=\"1 minute\" \/>\n<script type=\"application\/ld+json\" class=\"yoast-schema-graph\">{\"@context\":\"https:\\\/\\\/schema.org\",\"@graph\":[{\"@type\":\"Article\",\"@id\":\"https:\\\/\\\/www.futurealgroup.com\\\/hu\\\/hirek\\\/eurobuildcee-com-etele-plaza-prawie-gotowa\\\/#article\",\"isPartOf\":{\"@id\":\"https:\\\/\\\/www.futurealgroup.com\\\/hu\\\/hirek\\\/eurobuildcee-com-etele-plaza-prawie-gotowa\\\/\"},\"author\":{\"name\":\"Mate\",\"@id\":\"https:\\\/\\\/www.futurealgroup.com\\\/hu\\\/#\\\/schema\\\/person\\\/986f3696f4e0e08d3dddf5b30143e682\"},\"headline\":\"Eurobuildcee.com: Etele Plaza prawie gotowa\",\"datePublished\":\"2021-03-03T14:53:15+00:00\",\"dateModified\":\"2021-03-04T14:54:41+00:00\",\"mainEntityOfPage\":{\"@id\":\"https:\\\/\\\/www.futurealgroup.com\\\/hu\\\/hirek\\\/eurobuildcee-com-etele-plaza-prawie-gotowa\\\/\"},\"wordCount\":156,\"commentCount\":0,\"publisher\":{\"@id\":\"https:\\\/\\\/www.futurealgroup.com\\\/hu\\\/#organization\"},\"image\":{\"@id\":\"https:\\\/\\\/www.futurealgroup.com\\\/hu\\\/hirek\\\/eurobuildcee-com-etele-plaza-prawie-gotowa\\\/#primaryimage\"},\"thumbnailUrl\":\"https:\\\/\\\/www.futurealgroup.com\\\/wp-content\\\/uploads\\\/2021\\\/03\\\/New-Project-5-1.jpg\",\"keywords\":[\"Etele Plaza\"],\"articleSection\":[\"Back to the news\",\"H\u00edrek\"],\"inLanguage\":\"en-US\",\"potentialAction\":[{\"@type\":\"CommentAction\",\"name\":\"Comment\",\"target\":[\"https:\\\/\\\/www.futurealgroup.com\\\/hu\\\/hirek\\\/eurobuildcee-com-etele-plaza-prawie-gotowa\\\/#respond\"]}]},{\"@type\":\"WebPage\",\"@id\":\"https:\\\/\\\/www.futurealgroup.com\\\/hu\\\/hirek\\\/eurobuildcee-com-etele-plaza-prawie-gotowa\\\/\",\"url\":\"https:\\\/\\\/www.futurealgroup.com\\\/hu\\\/hirek\\\/eurobuildcee-com-etele-plaza-prawie-gotowa\\\/\",\"name\":\"Eurobuildcee.com: Etele Plaza prawie gotowa - Futureal\",\"isPartOf\":{\"@id\":\"https:\\\/\\\/www.futurealgroup.com\\\/hu\\\/#website\"},\"primaryImageOfPage\":{\"@id\":\"https:\\\/\\\/www.futurealgroup.com\\\/hu\\\/hirek\\\/eurobuildcee-com-etele-plaza-prawie-gotowa\\\/#primaryimage\"},\"image\":{\"@id\":\"https:\\\/\\\/www.futurealgroup.com\\\/hu\\\/hirek\\\/eurobuildcee-com-etele-plaza-prawie-gotowa\\\/#primaryimage\"},\"thumbnailUrl\":\"https:\\\/\\\/www.futurealgroup.com\\\/wp-content\\\/uploads\\\/2021\\\/03\\\/New-Project-5-1.jpg\",\"datePublished\":\"2021-03-03T14:53:15+00:00\",\"dateModified\":\"2021-03-04T14:54:41+00:00\",\"breadcrumb\":{\"@id\":\"https:\\\/\\\/www.futurealgroup.com\\\/hu\\\/hirek\\\/eurobuildcee-com-etele-plaza-prawie-gotowa\\\/#breadcrumb\"},\"inLanguage\":\"en-US\",\"potentialAction\":[{\"@type\":\"ReadAction\",\"target\":[\"https:\\\/\\\/www.futurealgroup.com\\\/hu\\\/hirek\\\/eurobuildcee-com-etele-plaza-prawie-gotowa\\\/\"]}]},{\"@type\":\"ImageObject\",\"inLanguage\":\"en-US\",\"@id\":\"https:\\\/\\\/www.futurealgroup.com\\\/hu\\\/hirek\\\/eurobuildcee-com-etele-plaza-prawie-gotowa\\\/#primaryimage\",\"url\":\"https:\\\/\\\/www.futurealgroup.com\\\/wp-content\\\/uploads\\\/2021\\\/03\\\/New-Project-5-1.jpg\",\"contentUrl\":\"https:\\\/\\\/www.futurealgroup.com\\\/wp-content\\\/uploads\\\/2021\\\/03\\\/New-Project-5-1.jpg\",\"width\":442,\"height\":442},{\"@type\":\"BreadcrumbList\",\"@id\":\"https:\\\/\\\/www.futurealgroup.com\\\/hu\\\/hirek\\\/eurobuildcee-com-etele-plaza-prawie-gotowa\\\/#breadcrumb\",\"itemListElement\":[{\"@type\":\"ListItem\",\"position\":1,\"name\":\"Home\",\"item\":\"https:\\\/\\\/www.futurealgroup.com\\\/en\\\/\"},{\"@type\":\"ListItem\",\"position\":2,\"name\":\"Eurobuildcee.com: Etele Plaza prawie gotowa\"}]},{\"@type\":\"WebSite\",\"@id\":\"https:\\\/\\\/www.futurealgroup.com\\\/hu\\\/#website\",\"url\":\"https:\\\/\\\/www.futurealgroup.com\\\/hu\\\/\",\"name\":\"Futureal\",\"description\":\"Futureal Group\",\"publisher\":{\"@id\":\"https:\\\/\\\/www.futurealgroup.com\\\/hu\\\/#organization\"},\"potentialAction\":[{\"@type\":\"SearchAction\",\"target\":{\"@type\":\"EntryPoint\",\"urlTemplate\":\"https:\\\/\\\/www.futurealgroup.com\\\/hu\\\/?s={search_term_string}\"},\"query-input\":{\"@type\":\"PropertyValueSpecification\",\"valueRequired\":true,\"valueName\":\"search_term_string\"}}],\"inLanguage\":\"en-US\"},{\"@type\":\"Organization\",\"@id\":\"https:\\\/\\\/www.futurealgroup.com\\\/hu\\\/#organization\",\"name\":\"Futureal Group\",\"url\":\"https:\\\/\\\/www.futurealgroup.com\\\/hu\\\/\",\"logo\":{\"@type\":\"ImageObject\",\"inLanguage\":\"en-US\",\"@id\":\"https:\\\/\\\/www.futurealgroup.com\\\/hu\\\/#\\\/schema\\\/logo\\\/image\\\/\",\"url\":\"https:\\\/\\\/www.futurealgroup.com\\\/wp-content\\\/uploads\\\/2016\\\/11\\\/futureal_blue.png\",\"contentUrl\":\"https:\\\/\\\/www.futurealgroup.com\\\/wp-content\\\/uploads\\\/2016\\\/11\\\/futureal_blue.png\",\"width\":264,\"height\":26,\"caption\":\"Futureal Group\"},\"image\":{\"@id\":\"https:\\\/\\\/www.futurealgroup.com\\\/hu\\\/#\\\/schema\\\/logo\\\/image\\\/\"}},{\"@type\":\"Person\",\"@id\":\"https:\\\/\\\/www.futurealgroup.com\\\/hu\\\/#\\\/schema\\\/person\\\/986f3696f4e0e08d3dddf5b30143e682\",\"name\":\"Mate\"}]}<\/script>\n<!-- \/ Yoast SEO plugin. -->","yoast_head_json":{"title":"Eurobuildcee.com: Etele Plaza prawie gotowa - Futureal","robots":{"index":"index","follow":"follow","max-snippet":"max-snippet:-1","max-image-preview":"max-image-preview:large","max-video-preview":"max-video-preview:-1"},"canonical":"https:\/\/www.futurealgroup.com\/hu\/hirek\/eurobuildcee-com-etele-plaza-prawie-gotowa\/","og_locale":"en_US","og_type":"article","og_title":"Eurobuildcee.com: Etele Plaza prawie gotowa - Futureal","og_description":"Etele Plaza w Budapeszcie, inwestycja o warto\u015bci 300 mln euro zrealizowana przez Futureal, otrzyma\u0142a pozwolenie na u\u017cytkowanie. Otwarcie centrum handlowego [&hellip;]","og_url":"https:\/\/www.futurealgroup.com\/hu\/hirek\/eurobuildcee-com-etele-plaza-prawie-gotowa\/","og_site_name":"Futureal","article_published_time":"2021-03-03T14:53:15+00:00","article_modified_time":"2021-03-04T14:54:41+00:00","og_image":[{"width":442,"height":442,"url":"https:\/\/www.futurealgroup.com\/wp-content\/uploads\/2021\/03\/New-Project-5-1.jpg","type":"image\/jpeg"}],"author":"Mate","twitter_card":"summary_large_image","twitter_misc":{"Written by":"Mate","Est. reading time":"1 minute"},"schema":{"@context":"https:\/\/schema.org","@graph":[{"@type":"Article","@id":"https:\/\/www.futurealgroup.com\/hu\/hirek\/eurobuildcee-com-etele-plaza-prawie-gotowa\/#article","isPartOf":{"@id":"https:\/\/www.futurealgroup.com\/hu\/hirek\/eurobuildcee-com-etele-plaza-prawie-gotowa\/"},"author":{"name":"Mate","@id":"https:\/\/www.futurealgroup.com\/hu\/#\/schema\/person\/986f3696f4e0e08d3dddf5b30143e682"},"headline":"Eurobuildcee.com: Etele Plaza prawie gotowa","datePublished":"2021-03-03T14:53:15+00:00","dateModified":"2021-03-04T14:54:41+00:00","mainEntityOfPage":{"@id":"https:\/\/www.futurealgroup.com\/hu\/hirek\/eurobuildcee-com-etele-plaza-prawie-gotowa\/"},"wordCount":156,"commentCount":0,"publisher":{"@id":"https:\/\/www.futurealgroup.com\/hu\/#organization"},"image":{"@id":"https:\/\/www.futurealgroup.com\/hu\/hirek\/eurobuildcee-com-etele-plaza-prawie-gotowa\/#primaryimage"},"thumbnailUrl":"https:\/\/www.futurealgroup.com\/wp-content\/uploads\/2021\/03\/New-Project-5-1.jpg","keywords":["Etele Plaza"],"articleSection":["Back to the news","H\u00edrek"],"inLanguage":"en-US","potentialAction":[{"@type":"CommentAction","name":"Comment","target":["https:\/\/www.futurealgroup.com\/hu\/hirek\/eurobuildcee-com-etele-plaza-prawie-gotowa\/#respond"]}]},{"@type":"WebPage","@id":"https:\/\/www.futurealgroup.com\/hu\/hirek\/eurobuildcee-com-etele-plaza-prawie-gotowa\/","url":"https:\/\/www.futurealgroup.com\/hu\/hirek\/eurobuildcee-com-etele-plaza-prawie-gotowa\/","name":"Eurobuildcee.com: Etele Plaza prawie gotowa - Futureal","isPartOf":{"@id":"https:\/\/www.futurealgroup.com\/hu\/#website"},"primaryImageOfPage":{"@id":"https:\/\/www.futurealgroup.com\/hu\/hirek\/eurobuildcee-com-etele-plaza-prawie-gotowa\/#primaryimage"},"image":{"@id":"https:\/\/www.futurealgroup.com\/hu\/hirek\/eurobuildcee-com-etele-plaza-prawie-gotowa\/#primaryimage"},"thumbnailUrl":"https:\/\/www.futurealgroup.com\/wp-content\/uploads\/2021\/03\/New-Project-5-1.jpg","datePublished":"2021-03-03T14:53:15+00:00","dateModified":"2021-03-04T14:54:41+00:00","breadcrumb":{"@id":"https:\/\/www.futurealgroup.com\/hu\/hirek\/eurobuildcee-com-etele-plaza-prawie-gotowa\/#breadcrumb"},"inLanguage":"en-US","potentialAction":[{"@type":"ReadAction","target":["https:\/\/www.futurealgroup.com\/hu\/hirek\/eurobuildcee-com-etele-plaza-prawie-gotowa\/"]}]},{"@type":"ImageObject","inLanguage":"en-US","@id":"https:\/\/www.futurealgroup.com\/hu\/hirek\/eurobuildcee-com-etele-plaza-prawie-gotowa\/#primaryimage","url":"https:\/\/www.futurealgroup.com\/wp-content\/uploads\/2021\/03\/New-Project-5-1.jpg","contentUrl":"https:\/\/www.futurealgroup.com\/wp-content\/uploads\/2021\/03\/New-Project-5-1.jpg","width":442,"height":442},{"@type":"BreadcrumbList","@id":"https:\/\/www.futurealgroup.com\/hu\/hirek\/eurobuildcee-com-etele-plaza-prawie-gotowa\/#breadcrumb","itemListElement":[{"@type":"ListItem","position":1,"name":"Home","item":"https:\/\/www.futurealgroup.com\/en\/"},{"@type":"ListItem","position":2,"name":"Eurobuildcee.com: Etele Plaza prawie gotowa"}]},{"@type":"WebSite","@id":"https:\/\/www.futurealgroup.com\/hu\/#website","url":"https:\/\/www.futurealgroup.com\/hu\/","name":"Futureal","description":"Futureal Group","publisher":{"@id":"https:\/\/www.futurealgroup.com\/hu\/#organization"},"potentialAction":[{"@type":"SearchAction","target":{"@type":"EntryPoint","urlTemplate":"https:\/\/www.futurealgroup.com\/hu\/?s={search_term_string}"},"query-input":{"@type":"PropertyValueSpecification","valueRequired":true,"valueName":"search_term_string"}}],"inLanguage":"en-US"},{"@type":"Organization","@id":"https:\/\/www.futurealgroup.com\/hu\/#organization","name":"Futureal Group","url":"https:\/\/www.futurealgroup.com\/hu\/","logo":{"@type":"ImageObject","inLanguage":"en-US","@id":"https:\/\/www.futurealgroup.com\/hu\/#\/schema\/logo\/image\/","url":"https:\/\/www.futurealgroup.com\/wp-content\/uploads\/2016\/11\/futureal_blue.png","contentUrl":"https:\/\/www.futurealgroup.com\/wp-content\/uploads\/2016\/11\/futureal_blue.png","width":264,"height":26,"caption":"Futureal Group"},"image":{"@id":"https:\/\/www.futurealgroup.com\/hu\/#\/schema\/logo\/image\/"}},{"@type":"Person","@id":"https:\/\/www.futurealgroup.com\/hu\/#\/schema\/person\/986f3696f4e0e08d3dddf5b30143e682","name":"Mate"}]}},"_links":{"self":[{"href":"https:\/\/www.futurealgroup.com\/en\/wp-json\/wp\/v2\/posts\/9559","targetHints":{"allow":["GET"]}}],"collection":[{"href":"https:\/\/www.futurealgroup.com\/en\/wp-json\/wp\/v2\/posts"}],"about":[{"href":"https:\/\/www.futurealgroup.com\/en\/wp-json\/wp\/v2\/types\/post"}],"author":[{"embeddable":true,"href":"https:\/\/www.futurealgroup.com\/en\/wp-json\/wp\/v2\/users\/1001013"}],"replies":[{"embeddable":true,"href":"https:\/\/www.futurealgroup.com\/en\/wp-json\/wp\/v2\/comments?post=9559"}],"version-history":[{"count":1,"href":"https:\/\/www.futurealgroup.com\/en\/wp-json\/wp\/v2\/posts\/9559\/revisions"}],"predecessor-version":[{"id":9560,"href":"https:\/\/www.futurealgroup.com\/en\/wp-json\/wp\/v2\/posts\/9559\/revisions\/9560"}],"wp:featuredmedia":[{"embeddable":true,"href":"https:\/\/www.futurealgroup.com\/en\/wp-json\/wp\/v2\/media\/9553"}],"wp:attachment":[{"href":"https:\/\/www.futurealgroup.com\/en\/wp-json\/wp\/v2\/media?parent=9559"}],"wp:term":[{"taxonomy":"category","embeddable":true,"href":"https:\/\/www.futurealgroup.com\/en\/wp-json\/wp\/v2\/categories?post=9559"},{"taxonomy":"post_tag","embeddable":true,"href":"https:\/\/www.futurealgroup.com\/en\/wp-json\/wp\/v2\/tags?post=9559"}],"curies":[{"name":"wp","href":"https:\/\/api.w.org\/{rel}","templated":true}]}}