{"id":7222,"date":"2019-09-09T15:37:57","date_gmt":"2019-09-09T15:37:57","guid":{"rendered":"https:\/\/www.futurealgroup.com\/hu\/hirek\/automatikus-vazlat"},"modified":"2019-09-20T15:44:30","modified_gmt":"2019-09-20T15:44:30","slug":"realista-hu-ma-mar-a-dolgozoi-jollet-az-etalon-a-well-vegigsopor-az-irodapiacon","status":"publish","type":"post","link":"https:\/\/www.futurealgroup.com\/hu\/hirek\/realista-hu-ma-mar-a-dolgozoi-jollet-az-etalon-a-well-vegigsopor-az-irodapiacon","title":{"rendered":"Realista.hu: Ma m\u00e1r a dolgoz\u00f3i j\u00f3ll\u00e9t az etalon. A WELL v\u00e9gigs\u00f6p\u00f6r az irodapiacon"},"content":{"rendered":"<p><strong>Okt\u00f3ber 17-\u00e9n a MOM Sportban rendezik meg az els\u0151 magyarorsz\u00e1gi\u00a0<\/strong><strong>WELL Building konferenci\u00e1t<\/strong><strong>\u00a0a HuGBC \u00e9s Az \u00c9v Irod\u00e1ja k\u00f6z\u00f6s szervez\u00e9s\u00e9ben. Az egyik el\u0151ad\u00f3 Radv\u00e1nyi G\u00e1bor lesz, a Futureal f\u0151\u00e9p\u00edt\u00e9sze. A c\u00e9gcsoportjuk az els\u0151k k\u00f6z\u00f6tt min\u0151s\u00edtette az irodah\u00e1zait a WELL rendszer szerint is. F\u00f3kuszban a dolgoz\u00f3i j\u00f3ll\u00e9t \u2013 err\u0151l k\u00e9rdezt\u00fck r\u00f6viden.<\/strong><\/p>\n<p><strong>\u2013 <\/strong>A Futureal t\u00f6bb \u00e9p\u00fclet\u00e9t is a WELL rendszer szerint min\u0151s\u00edtette. \u00d6n\u00f6k mi\u00e9rt tartj\u00e1k fontosnak, hogy az irodah\u00e1zaikn\u00e1l a m\u00e1r megszokott z\u00f6ld min\u0151s\u00edt\u0151 rendszerek mellett a WELL-re is f\u00f3kusz\u00e1ljanak?<\/p>\n<p>\u2013 A Futureal-csoport fejleszt\u00e9seir\u0151l m\u00e1r 15 \u00e9ve is elmondhattuk, amikor m\u00e9g a k\u00f6rnyezettudatos min\u0151s\u00edt\u00e9s \u00e9s a WELL meg sem jelent a magyar piacon, hogy emberk\u00f6zpont\u00faak. Ez azt jelenti, hogy a tervez\u00e9s teljes folyamata a helysz\u00ednv\u00e1laszt\u00e1st\u00f3l kezdve a kivitelez\u00e9sig a felhaszn\u00e1l\u00f3k szemsz\u00f6g\u00e9b\u0151l az \u0151 k\u00e9nyelm\u00fck \u00e9rdek\u00e9ben \u00e9s a hat\u00e9konyabb \u00e9p\u00fclethaszn\u00e1latra f\u00f3kusz\u00e1lva t\u00f6rt\u00e9nt. Mivel mindezt kieg\u00e9sz\u00edtette a BREEAM szerinti fenntarthat\u00f3s\u00e1gi tervez\u00e9s \u00e1ltal megk\u00f6vetelt felel\u0151s attit\u0171d, \u00edgy a WELL min\u0151s\u00edt\u00e9s megjelen\u00e9se \u00e9s implement\u00e1l\u00e1sa alapvet\u0151en nem jelentett neh\u00e9zs\u00e9get a projektjeinkn\u00e9l. Egy\u00e9bk\u00e9nt hadd jegyezzem m\u00e9g meg, hogy Eur\u00f3p\u00e1ban els\u0151k\u00e9nt, a Futureal-csoport h\u00e1rom nagyszab\u00e1s\u00fa magyarorsz\u00e1gi irodaprojektje egyszerre szerezte meg a WELL Building Platina el\u0151min\u0151s\u00edt\u00e9s\u00e9t.<\/p>\n<p><strong>\u2013 <\/strong>B\u00e1r trivi\u00e1lisnak t\u0171nhet a k\u00e9rd\u00e9s, de ha r\u00f6viden kellene megfogalmaznunk, mire j\u00f3 a WELL?<\/p>\n<p>\u2013 A WELL egy olyan sorvezet\u0151, ami seg\u00edt minket abban, hogy ne t\u00e9vessz\u00fck szem el\u0151l azokat az embereket, akik \u00e9vtizedeken kereszt\u00fcl fognak az \u00e1ltalunk megalkotott terekben \u00e9lni, dolgozni vagy kikapcsol\u00f3dni. C\u00e9lja, hogy olyan irodah\u00e1zak \u00e9p\u00fcljenek, amelyek a k\u00f6rnyezetv\u00e9delem mellett az ott dolgoz\u00f3k eg\u00e9szs\u00e9g\u00e9re, k\u00f6z\u00e9rzet\u00e9re \u00e9s komfort\u00e9rzet\u00e9re is kedvez\u0151 hat\u00e1ssal vannak.<\/p>\n<p><strong>\u2013 <\/strong>Fejleszt\u0151i \u00e9s \u00e9p\u00edt\u00e9szi szemmel mennyiben jelent ez plusz munk\u00e1t, illetve mennyiben ig\u00e9nyel m\u00e1s szeml\u00e9letet a mindennapi rutinban?<\/p>\n<p>\u2013 Sz\u00e1munkra nem jelent \u00faj szeml\u00e9letet, csup\u00e1n r\u00e9szletesebb odafigyel\u00e9st ig\u00e9nyel. \u00daj, speci\u00e1lis szakter\u00fcletek jelentek meg abban a n\u00e9pes csapatban, amellyel eddig is dolgoztunk. Jobban bele kell menn\u00fcnk a r\u00e9szletekbe, szenzit\u00edvebbeknek kell lenn\u00fcnk a tervez\u00e9s \u00e9s a kivitelez\u00e9sek sor\u00e1n, ami legink\u00e1bb id\u0151t \u00e9s t\u00fcrelmet k\u00edv\u00e1n.<\/p>\n<p><strong>\u2013 <\/strong>Az \u00faj WELL min\u0151s\u00edtett irodah\u00e1zak mennyiben \u00e9s hogyan jelentenek majd plusz \u00e9rt\u00e9keket a b\u00e9rl\u0151knek? Illetve a WELL piack\u00e9pesebb\u00e9 teszi-e majd az adott ingatlant?<\/p>\n<p>\u2013 A WELL-rendszerhez kapcsol\u00f3d\u00f3 innov\u00e1ci\u00f3k hat\u00e1rozz\u00e1k meg az irodapiacot a k\u00f6vetkez\u0151 \u00e9vtizedben. A munkaer\u0151hi\u00e1ny k\u00f6vetkezt\u00e9ben a koll\u00e9g\u00e1k sz\u00e1m\u00e1ra vonz\u00f3 adotts\u00e1g\u00fa irod\u00e1k m\u00e1ra a c\u00e9gek direkt toborz\u00e1si eszk\u00f6z\u00e9v\u00e9 v\u00e1ltak. Egy irodai dolgoz\u00f3 karrierje sor\u00e1n k\u00f6zel 50 ezer \u00f3r\u00e1t \u00fcl a munkahely\u00e9n, \u00edgy sz\u00e1mukra sem mindegy, hol \u00e9s milyen k\u00f6rnyezetben t\u00f6ltik el ezt az id\u0151t.<br \/>\nFontos azonban l\u00e1tni, hogy ebben a munk\u00e1ban az ingatlanfejleszt\u0151i oldalra csup\u00e1n a feladat egy r\u00e9sze h\u00e1rul. Az \u00e9p\u00fcleteinkbe bek\u00f6lt\u00f6z\u0151 c\u00e9gek irod\u00e1inak kialak\u00edt\u00e1s\u00e1hoz mi adhatjuk a k\u00f6z\u00f6s ter\u00fcletek sz\u00fcks\u00e9ges elemeit, illetve a know-how-t, hogy mik\u00e9nt teremthetnek \u0151k is a WELL k\u00f6vetelm\u00e9nyeknek megfelel\u0151 munkak\u00f6rnyezetet. Viszont sz\u00fcks\u00e9g van az \u0151 partners\u00e9g\u00fckre, d\u00f6nt\u00e9shoz\u00f3ik felel\u0151s hozz\u00e1\u00e1ll\u00e1s\u00e1ra, mert a teljes \u00e9p\u00fclet csak k\u00f6z\u00f6s munk\u00e1val \u00e9s odafigyel\u00e9ssel tehet\u0151 emberbar\u00e1tt\u00e1!<\/p>\n<p><a href=\"http:\/\/realista.hu\/ingatlanpiac\/ma-mar-a-dolgozoi-jollet-az-etalon-a-well-vegigsopor-az-irodapiacon\/136695\">Az eredeti cikk a realista.hu oldal\u00e1n olvashat\u00f3.<\/a><\/p>\n","protected":false},"excerpt":{"rendered":"<p>Okt\u00f3ber 17-\u00e9n a MOM Sportban rendezik meg az els\u0151 magyarorsz\u00e1gi\u00a0WELL Building konferenci\u00e1t\u00a0a HuGBC \u00e9s Az \u00c9v Irod\u00e1ja k\u00f6z\u00f6s szervez\u00e9s\u00e9ben. Az [&hellip;]<\/p>\n","protected":false},"author":1,"featured_media":7216,"comment_status":"open","ping_status":"open","sticky":false,"template":"","format":"standard","meta":{"_acf_changed":false,"inline_featured_image":false,"footnotes":""},"categories":[169],"tags":[270,271,272,279],"class_list":["post-7222","post","type-post","status-publish","format-standard","has-post-thumbnail","hentry","category-hirek-pl","tag-futureal-csoport","tag-interju","tag-iroda","tag-well-building"],"acf":[],"yoast_head":"<!-- This site is optimized with the Yoast SEO plugin v27.3 - https:\/\/yoast.com\/product\/yoast-seo-wordpress\/ -->\n<title>Realista.hu: Ma m\u00e1r a dolgoz\u00f3i j\u00f3ll\u00e9t az etalon. A WELL v\u00e9gigs\u00f6p\u00f6r az irodapiacon - Futureal<\/title>\n<meta name=\"robots\" content=\"index, follow, max-snippet:-1, max-image-preview:large, max-video-preview:-1\" \/>\n<link rel=\"canonical\" href=\"https:\/\/www.futurealgroup.com\/hu\/hirek\/realista-hu-ma-mar-a-dolgozoi-jollet-az-etalon-a-well-vegigsopor-az-irodapiacon\/\" \/>\n<meta property=\"og:locale\" content=\"hu_HU\" \/>\n<meta property=\"og:type\" content=\"article\" \/>\n<meta property=\"og:title\" content=\"Realista.hu: Ma m\u00e1r a dolgoz\u00f3i j\u00f3ll\u00e9t az etalon. A WELL v\u00e9gigs\u00f6p\u00f6r az irodapiacon - Futureal\" \/>\n<meta property=\"og:description\" content=\"Okt\u00f3ber 17-\u00e9n a MOM Sportban rendezik meg az els\u0151 magyarorsz\u00e1gi\u00a0WELL Building konferenci\u00e1t\u00a0a HuGBC \u00e9s Az \u00c9v Irod\u00e1ja k\u00f6z\u00f6s szervez\u00e9s\u00e9ben. Az [&hellip;]\" \/>\n<meta property=\"og:url\" content=\"https:\/\/www.futurealgroup.com\/hu\/hirek\/realista-hu-ma-mar-a-dolgozoi-jollet-az-etalon-a-well-vegigsopor-az-irodapiacon\/\" \/>\n<meta property=\"og:site_name\" content=\"Futureal\" \/>\n<meta property=\"article:published_time\" content=\"2019-09-09T15:37:57+00:00\" \/>\n<meta property=\"article:modified_time\" content=\"2019-09-20T15:44:30+00:00\" \/>\n<meta property=\"og:image\" content=\"https:\/\/www.futurealgroup.com\/wp-content\/uploads\/2019\/09\/Rado-Interju-Advance442x442.jpg\" \/>\n\t<meta property=\"og:image:width\" content=\"442\" \/>\n\t<meta property=\"og:image:height\" content=\"442\" \/>\n\t<meta property=\"og:image:type\" content=\"image\/jpeg\" \/>\n<meta name=\"author\" content=\"admin\" \/>\n<meta name=\"twitter:card\" content=\"summary_large_image\" \/>\n<meta name=\"twitter:label1\" content=\"Szerz\u0151:\" \/>\n\t<meta name=\"twitter:data1\" content=\"admin\" \/>\n\t<meta name=\"twitter:label2\" content=\"Becs\u00fclt olvas\u00e1si id\u0151\" \/>\n\t<meta name=\"twitter:data2\" content=\"3 perc\" \/>\n<script type=\"application\/ld+json\" class=\"yoast-schema-graph\">{\"@context\":\"https:\\\/\\\/schema.org\",\"@graph\":[{\"@type\":\"Article\",\"@id\":\"https:\\\/\\\/www.futurealgroup.com\\\/hu\\\/hirek\\\/realista-hu-ma-mar-a-dolgozoi-jollet-az-etalon-a-well-vegigsopor-az-irodapiacon\\\/#article\",\"isPartOf\":{\"@id\":\"https:\\\/\\\/www.futurealgroup.com\\\/hu\\\/hirek\\\/realista-hu-ma-mar-a-dolgozoi-jollet-az-etalon-a-well-vegigsopor-az-irodapiacon\\\/\"},\"author\":{\"name\":\"admin\",\"@id\":\"https:\\\/\\\/www.futurealgroup.com\\\/hu\\\/#\\\/schema\\\/person\\\/52f26d9ea66b39f4ac56bfd7862119b1\"},\"headline\":\"Realista.hu: Ma m\u00e1r a dolgoz\u00f3i j\u00f3ll\u00e9t az etalon. A WELL v\u00e9gigs\u00f6p\u00f6r az irodapiacon\",\"datePublished\":\"2019-09-09T15:37:57+00:00\",\"dateModified\":\"2019-09-20T15:44:30+00:00\",\"mainEntityOfPage\":{\"@id\":\"https:\\\/\\\/www.futurealgroup.com\\\/hu\\\/hirek\\\/realista-hu-ma-mar-a-dolgozoi-jollet-az-etalon-a-well-vegigsopor-az-irodapiacon\\\/\"},\"wordCount\":703,\"commentCount\":0,\"publisher\":{\"@id\":\"https:\\\/\\\/www.futurealgroup.com\\\/hu\\\/#organization\"},\"image\":{\"@id\":\"https:\\\/\\\/www.futurealgroup.com\\\/hu\\\/hirek\\\/realista-hu-ma-mar-a-dolgozoi-jollet-az-etalon-a-well-vegigsopor-az-irodapiacon\\\/#primaryimage\"},\"thumbnailUrl\":\"https:\\\/\\\/www.futurealgroup.com\\\/wp-content\\\/uploads\\\/2019\\\/09\\\/Rado-Interju-Advance442x442.jpg\",\"keywords\":[\"Futureal-csoport\",\"Interj\u00fa\",\"Iroda\",\"WELL Building\"],\"articleSection\":[\"Vissza a h\u00edrekhez\"],\"inLanguage\":\"hu\",\"potentialAction\":[{\"@type\":\"CommentAction\",\"name\":\"Comment\",\"target\":[\"https:\\\/\\\/www.futurealgroup.com\\\/hu\\\/hirek\\\/realista-hu-ma-mar-a-dolgozoi-jollet-az-etalon-a-well-vegigsopor-az-irodapiacon\\\/#respond\"]}]},{\"@type\":\"WebPage\",\"@id\":\"https:\\\/\\\/www.futurealgroup.com\\\/hu\\\/hirek\\\/realista-hu-ma-mar-a-dolgozoi-jollet-az-etalon-a-well-vegigsopor-az-irodapiacon\\\/\",\"url\":\"https:\\\/\\\/www.futurealgroup.com\\\/hu\\\/hirek\\\/realista-hu-ma-mar-a-dolgozoi-jollet-az-etalon-a-well-vegigsopor-az-irodapiacon\\\/\",\"name\":\"Realista.hu: Ma m\u00e1r a dolgoz\u00f3i j\u00f3ll\u00e9t az etalon. A WELL v\u00e9gigs\u00f6p\u00f6r az irodapiacon - Futureal\",\"isPartOf\":{\"@id\":\"https:\\\/\\\/www.futurealgroup.com\\\/hu\\\/#website\"},\"primaryImageOfPage\":{\"@id\":\"https:\\\/\\\/www.futurealgroup.com\\\/hu\\\/hirek\\\/realista-hu-ma-mar-a-dolgozoi-jollet-az-etalon-a-well-vegigsopor-az-irodapiacon\\\/#primaryimage\"},\"image\":{\"@id\":\"https:\\\/\\\/www.futurealgroup.com\\\/hu\\\/hirek\\\/realista-hu-ma-mar-a-dolgozoi-jollet-az-etalon-a-well-vegigsopor-az-irodapiacon\\\/#primaryimage\"},\"thumbnailUrl\":\"https:\\\/\\\/www.futurealgroup.com\\\/wp-content\\\/uploads\\\/2019\\\/09\\\/Rado-Interju-Advance442x442.jpg\",\"datePublished\":\"2019-09-09T15:37:57+00:00\",\"dateModified\":\"2019-09-20T15:44:30+00:00\",\"breadcrumb\":{\"@id\":\"https:\\\/\\\/www.futurealgroup.com\\\/hu\\\/hirek\\\/realista-hu-ma-mar-a-dolgozoi-jollet-az-etalon-a-well-vegigsopor-az-irodapiacon\\\/#breadcrumb\"},\"inLanguage\":\"hu\",\"potentialAction\":[{\"@type\":\"ReadAction\",\"target\":[\"https:\\\/\\\/www.futurealgroup.com\\\/hu\\\/hirek\\\/realista-hu-ma-mar-a-dolgozoi-jollet-az-etalon-a-well-vegigsopor-az-irodapiacon\\\/\"]}]},{\"@type\":\"ImageObject\",\"inLanguage\":\"hu\",\"@id\":\"https:\\\/\\\/www.futurealgroup.com\\\/hu\\\/hirek\\\/realista-hu-ma-mar-a-dolgozoi-jollet-az-etalon-a-well-vegigsopor-az-irodapiacon\\\/#primaryimage\",\"url\":\"https:\\\/\\\/www.futurealgroup.com\\\/wp-content\\\/uploads\\\/2019\\\/09\\\/Rado-Interju-Advance442x442.jpg\",\"contentUrl\":\"https:\\\/\\\/www.futurealgroup.com\\\/wp-content\\\/uploads\\\/2019\\\/09\\\/Rado-Interju-Advance442x442.jpg\",\"width\":442,\"height\":442,\"caption\":\"2019.08.28. Advance Tower II \u00e9s Kantin Advance.\"},{\"@type\":\"BreadcrumbList\",\"@id\":\"https:\\\/\\\/www.futurealgroup.com\\\/hu\\\/hirek\\\/realista-hu-ma-mar-a-dolgozoi-jollet-az-etalon-a-well-vegigsopor-az-irodapiacon\\\/#breadcrumb\",\"itemListElement\":[{\"@type\":\"ListItem\",\"position\":1,\"name\":\"Home\",\"item\":\"https:\\\/\\\/www.futurealgroup.com\\\/hu\\\/\"},{\"@type\":\"ListItem\",\"position\":2,\"name\":\"Realista.hu: Ma m\u00e1r a dolgoz\u00f3i j\u00f3ll\u00e9t az etalon. A WELL v\u00e9gigs\u00f6p\u00f6r az irodapiacon\"}]},{\"@type\":\"WebSite\",\"@id\":\"https:\\\/\\\/www.futurealgroup.com\\\/hu\\\/#website\",\"url\":\"https:\\\/\\\/www.futurealgroup.com\\\/hu\\\/\",\"name\":\"Futureal\",\"description\":\"Futureal Group\",\"publisher\":{\"@id\":\"https:\\\/\\\/www.futurealgroup.com\\\/hu\\\/#organization\"},\"potentialAction\":[{\"@type\":\"SearchAction\",\"target\":{\"@type\":\"EntryPoint\",\"urlTemplate\":\"https:\\\/\\\/www.futurealgroup.com\\\/hu\\\/?s={search_term_string}\"},\"query-input\":{\"@type\":\"PropertyValueSpecification\",\"valueRequired\":true,\"valueName\":\"search_term_string\"}}],\"inLanguage\":\"hu\"},{\"@type\":\"Organization\",\"@id\":\"https:\\\/\\\/www.futurealgroup.com\\\/hu\\\/#organization\",\"name\":\"Futureal Group\",\"url\":\"https:\\\/\\\/www.futurealgroup.com\\\/hu\\\/\",\"logo\":{\"@type\":\"ImageObject\",\"inLanguage\":\"hu\",\"@id\":\"https:\\\/\\\/www.futurealgroup.com\\\/hu\\\/#\\\/schema\\\/logo\\\/image\\\/\",\"url\":\"https:\\\/\\\/www.futurealgroup.com\\\/wp-content\\\/uploads\\\/2016\\\/11\\\/futureal_blue.png\",\"contentUrl\":\"https:\\\/\\\/www.futurealgroup.com\\\/wp-content\\\/uploads\\\/2016\\\/11\\\/futureal_blue.png\",\"width\":264,\"height\":26,\"caption\":\"Futureal Group\"},\"image\":{\"@id\":\"https:\\\/\\\/www.futurealgroup.com\\\/hu\\\/#\\\/schema\\\/logo\\\/image\\\/\"}},{\"@type\":\"Person\",\"@id\":\"https:\\\/\\\/www.futurealgroup.com\\\/hu\\\/#\\\/schema\\\/person\\\/52f26d9ea66b39f4ac56bfd7862119b1\",\"name\":\"admin\"}]}<\/script>\n<!-- \/ Yoast SEO plugin. -->","yoast_head_json":{"title":"Realista.hu: Ma m\u00e1r a dolgoz\u00f3i j\u00f3ll\u00e9t az etalon. A WELL v\u00e9gigs\u00f6p\u00f6r az irodapiacon - Futureal","robots":{"index":"index","follow":"follow","max-snippet":"max-snippet:-1","max-image-preview":"max-image-preview:large","max-video-preview":"max-video-preview:-1"},"canonical":"https:\/\/www.futurealgroup.com\/hu\/hirek\/realista-hu-ma-mar-a-dolgozoi-jollet-az-etalon-a-well-vegigsopor-az-irodapiacon\/","og_locale":"hu_HU","og_type":"article","og_title":"Realista.hu: Ma m\u00e1r a dolgoz\u00f3i j\u00f3ll\u00e9t az etalon. A WELL v\u00e9gigs\u00f6p\u00f6r az irodapiacon - Futureal","og_description":"Okt\u00f3ber 17-\u00e9n a MOM Sportban rendezik meg az els\u0151 magyarorsz\u00e1gi\u00a0WELL Building konferenci\u00e1t\u00a0a HuGBC \u00e9s Az \u00c9v Irod\u00e1ja k\u00f6z\u00f6s szervez\u00e9s\u00e9ben. Az [&hellip;]","og_url":"https:\/\/www.futurealgroup.com\/hu\/hirek\/realista-hu-ma-mar-a-dolgozoi-jollet-az-etalon-a-well-vegigsopor-az-irodapiacon\/","og_site_name":"Futureal","article_published_time":"2019-09-09T15:37:57+00:00","article_modified_time":"2019-09-20T15:44:30+00:00","og_image":[{"width":442,"height":442,"url":"https:\/\/www.futurealgroup.com\/wp-content\/uploads\/2019\/09\/Rado-Interju-Advance442x442.jpg","type":"image\/jpeg"}],"author":"admin","twitter_card":"summary_large_image","twitter_misc":{"Szerz\u0151:":"admin","Becs\u00fclt olvas\u00e1si id\u0151":"3 perc"},"schema":{"@context":"https:\/\/schema.org","@graph":[{"@type":"Article","@id":"https:\/\/www.futurealgroup.com\/hu\/hirek\/realista-hu-ma-mar-a-dolgozoi-jollet-az-etalon-a-well-vegigsopor-az-irodapiacon\/#article","isPartOf":{"@id":"https:\/\/www.futurealgroup.com\/hu\/hirek\/realista-hu-ma-mar-a-dolgozoi-jollet-az-etalon-a-well-vegigsopor-az-irodapiacon\/"},"author":{"name":"admin","@id":"https:\/\/www.futurealgroup.com\/hu\/#\/schema\/person\/52f26d9ea66b39f4ac56bfd7862119b1"},"headline":"Realista.hu: Ma m\u00e1r a dolgoz\u00f3i j\u00f3ll\u00e9t az etalon. A WELL v\u00e9gigs\u00f6p\u00f6r az irodapiacon","datePublished":"2019-09-09T15:37:57+00:00","dateModified":"2019-09-20T15:44:30+00:00","mainEntityOfPage":{"@id":"https:\/\/www.futurealgroup.com\/hu\/hirek\/realista-hu-ma-mar-a-dolgozoi-jollet-az-etalon-a-well-vegigsopor-az-irodapiacon\/"},"wordCount":703,"commentCount":0,"publisher":{"@id":"https:\/\/www.futurealgroup.com\/hu\/#organization"},"image":{"@id":"https:\/\/www.futurealgroup.com\/hu\/hirek\/realista-hu-ma-mar-a-dolgozoi-jollet-az-etalon-a-well-vegigsopor-az-irodapiacon\/#primaryimage"},"thumbnailUrl":"https:\/\/www.futurealgroup.com\/wp-content\/uploads\/2019\/09\/Rado-Interju-Advance442x442.jpg","keywords":["Futureal-csoport","Interj\u00fa","Iroda","WELL Building"],"articleSection":["Vissza a h\u00edrekhez"],"inLanguage":"hu","potentialAction":[{"@type":"CommentAction","name":"Comment","target":["https:\/\/www.futurealgroup.com\/hu\/hirek\/realista-hu-ma-mar-a-dolgozoi-jollet-az-etalon-a-well-vegigsopor-az-irodapiacon\/#respond"]}]},{"@type":"WebPage","@id":"https:\/\/www.futurealgroup.com\/hu\/hirek\/realista-hu-ma-mar-a-dolgozoi-jollet-az-etalon-a-well-vegigsopor-az-irodapiacon\/","url":"https:\/\/www.futurealgroup.com\/hu\/hirek\/realista-hu-ma-mar-a-dolgozoi-jollet-az-etalon-a-well-vegigsopor-az-irodapiacon\/","name":"Realista.hu: Ma m\u00e1r a dolgoz\u00f3i j\u00f3ll\u00e9t az etalon. A WELL v\u00e9gigs\u00f6p\u00f6r az irodapiacon - Futureal","isPartOf":{"@id":"https:\/\/www.futurealgroup.com\/hu\/#website"},"primaryImageOfPage":{"@id":"https:\/\/www.futurealgroup.com\/hu\/hirek\/realista-hu-ma-mar-a-dolgozoi-jollet-az-etalon-a-well-vegigsopor-az-irodapiacon\/#primaryimage"},"image":{"@id":"https:\/\/www.futurealgroup.com\/hu\/hirek\/realista-hu-ma-mar-a-dolgozoi-jollet-az-etalon-a-well-vegigsopor-az-irodapiacon\/#primaryimage"},"thumbnailUrl":"https:\/\/www.futurealgroup.com\/wp-content\/uploads\/2019\/09\/Rado-Interju-Advance442x442.jpg","datePublished":"2019-09-09T15:37:57+00:00","dateModified":"2019-09-20T15:44:30+00:00","breadcrumb":{"@id":"https:\/\/www.futurealgroup.com\/hu\/hirek\/realista-hu-ma-mar-a-dolgozoi-jollet-az-etalon-a-well-vegigsopor-az-irodapiacon\/#breadcrumb"},"inLanguage":"hu","potentialAction":[{"@type":"ReadAction","target":["https:\/\/www.futurealgroup.com\/hu\/hirek\/realista-hu-ma-mar-a-dolgozoi-jollet-az-etalon-a-well-vegigsopor-az-irodapiacon\/"]}]},{"@type":"ImageObject","inLanguage":"hu","@id":"https:\/\/www.futurealgroup.com\/hu\/hirek\/realista-hu-ma-mar-a-dolgozoi-jollet-az-etalon-a-well-vegigsopor-az-irodapiacon\/#primaryimage","url":"https:\/\/www.futurealgroup.com\/wp-content\/uploads\/2019\/09\/Rado-Interju-Advance442x442.jpg","contentUrl":"https:\/\/www.futurealgroup.com\/wp-content\/uploads\/2019\/09\/Rado-Interju-Advance442x442.jpg","width":442,"height":442,"caption":"2019.08.28. Advance Tower II \u00e9s Kantin Advance."},{"@type":"BreadcrumbList","@id":"https:\/\/www.futurealgroup.com\/hu\/hirek\/realista-hu-ma-mar-a-dolgozoi-jollet-az-etalon-a-well-vegigsopor-az-irodapiacon\/#breadcrumb","itemListElement":[{"@type":"ListItem","position":1,"name":"Home","item":"https:\/\/www.futurealgroup.com\/hu\/"},{"@type":"ListItem","position":2,"name":"Realista.hu: Ma m\u00e1r a dolgoz\u00f3i j\u00f3ll\u00e9t az etalon. A WELL v\u00e9gigs\u00f6p\u00f6r az irodapiacon"}]},{"@type":"WebSite","@id":"https:\/\/www.futurealgroup.com\/hu\/#website","url":"https:\/\/www.futurealgroup.com\/hu\/","name":"Futureal","description":"Futureal Group","publisher":{"@id":"https:\/\/www.futurealgroup.com\/hu\/#organization"},"potentialAction":[{"@type":"SearchAction","target":{"@type":"EntryPoint","urlTemplate":"https:\/\/www.futurealgroup.com\/hu\/?s={search_term_string}"},"query-input":{"@type":"PropertyValueSpecification","valueRequired":true,"valueName":"search_term_string"}}],"inLanguage":"hu"},{"@type":"Organization","@id":"https:\/\/www.futurealgroup.com\/hu\/#organization","name":"Futureal Group","url":"https:\/\/www.futurealgroup.com\/hu\/","logo":{"@type":"ImageObject","inLanguage":"hu","@id":"https:\/\/www.futurealgroup.com\/hu\/#\/schema\/logo\/image\/","url":"https:\/\/www.futurealgroup.com\/wp-content\/uploads\/2016\/11\/futureal_blue.png","contentUrl":"https:\/\/www.futurealgroup.com\/wp-content\/uploads\/2016\/11\/futureal_blue.png","width":264,"height":26,"caption":"Futureal Group"},"image":{"@id":"https:\/\/www.futurealgroup.com\/hu\/#\/schema\/logo\/image\/"}},{"@type":"Person","@id":"https:\/\/www.futurealgroup.com\/hu\/#\/schema\/person\/52f26d9ea66b39f4ac56bfd7862119b1","name":"admin"}]}},"_links":{"self":[{"href":"https:\/\/www.futurealgroup.com\/hu\/wp-json\/wp\/v2\/posts\/7222","targetHints":{"allow":["GET"]}}],"collection":[{"href":"https:\/\/www.futurealgroup.com\/hu\/wp-json\/wp\/v2\/posts"}],"about":[{"href":"https:\/\/www.futurealgroup.com\/hu\/wp-json\/wp\/v2\/types\/post"}],"author":[{"embeddable":true,"href":"https:\/\/www.futurealgroup.com\/hu\/wp-json\/wp\/v2\/users\/1"}],"replies":[{"embeddable":true,"href":"https:\/\/www.futurealgroup.com\/hu\/wp-json\/wp\/v2\/comments?post=7222"}],"version-history":[{"count":1,"href":"https:\/\/www.futurealgroup.com\/hu\/wp-json\/wp\/v2\/posts\/7222\/revisions"}],"predecessor-version":[{"id":7223,"href":"https:\/\/www.futurealgroup.com\/hu\/wp-json\/wp\/v2\/posts\/7222\/revisions\/7223"}],"wp:featuredmedia":[{"embeddable":true,"href":"https:\/\/www.futurealgroup.com\/hu\/wp-json\/wp\/v2\/media\/7216"}],"wp:attachment":[{"href":"https:\/\/www.futurealgroup.com\/hu\/wp-json\/wp\/v2\/media?parent=7222"}],"wp:term":[{"taxonomy":"category","embeddable":true,"href":"https:\/\/www.futurealgroup.com\/hu\/wp-json\/wp\/v2\/categories?post=7222"},{"taxonomy":"post_tag","embeddable":true,"href":"https:\/\/www.futurealgroup.com\/hu\/wp-json\/wp\/v2\/tags?post=7222"}],"curies":[{"name":"wp","href":"https:\/\/api.w.org\/{rel}","templated":true}]}}